{"id":3826,"date":"2024-04-09T10:21:54","date_gmt":"2024-04-09T08:21:54","guid":{"rendered":"https:\/\/parqueminerodealmaden.es\/?p=3826"},"modified":"2025-02-03T08:46:57","modified_gmt":"2025-02-03T07:46:57","slug":"reunion-entre-los-representantes-de-mayasa-y-ayuntamiento-de-almaden","status":"publish","type":"post","link":"https:\/\/parqueminerodealmaden.es\/en\/reunion-entre-los-representantes-de-mayasa-y-ayuntamiento-de-almaden\/","title":{"rendered":"REUNI\u00d3N ENTRE LOS REPRESENTANTES DE MAYASA Y AYUNTAMIENTO DE ALMAD\u00c9N"},"content":{"rendered":"\n<p><\/p>\n\n\n\n<p>El viernes 5 de abril, se celebr\u00f3 una reuni\u00f3n entre los representantes de MAYASA y Ayuntamiento de Almad\u00e9n, D. Jos\u00e9 Tejero y D\u00aa. Raquel Jurado, para tratar distintas cuestiones relacionadas con la empresa minera y que tienen, evidentemente, implicaciones con la poblaci\u00f3n de Almad\u00e9n.<\/p>\n\n\n\n<p>El Presidente de MAYASA traslad\u00f3 a la Alcaldesa la buena marcha del Plan Estrat\u00e9gico de MAYASA para la reformulaci\u00f3n de su modelo de negocio y optimizaci\u00f3n del aprovechamiento de sus recursos, generando empleo y contribuyendo de manera efectiva al desarrollo socioecon\u00f3mico de la Comarca de Almad\u00e9n, algo que fue valorado de forma muy positiva por la regidora municipal.<\/p>\n\n\n\n<p>En cuanto a otras cuestiones que afectan tanto a la administraci\u00f3n local como a la empresa minera, se plantearon diversas actuaciones relacionadas con los dos planes de sostenibilidad que est\u00e1n gestion\u00e1ndose en estos momentos: el Plan de Sostenibilidad Tur\u00edstica en Destino de la Comarca de Almad\u00e9n y el Plan de Sostenibilidad ligado al Geoparque Volcanes de Calatrava.<\/p>\n\n\n\n<figure class=\"wp-block-image size-large\"><img decoding=\"async\" width=\"1024\" height=\"725\" data-src=\"https:\/\/parqueminerodealmaden.es\/wp-content\/uploads\/2024\/04\/reunion-05abril2024-1024x725.jpg\" alt=\"\" class=\"wp-image-3823 lazyload\" data-srcset=\"https:\/\/parqueminerodealmaden.es\/wp-content\/uploads\/2024\/04\/reunion-05abril2024-1024x725.jpg 1024w, https:\/\/parqueminerodealmaden.es\/wp-content\/uploads\/2024\/04\/reunion-05abril2024-300x212.jpg 300w, https:\/\/parqueminerodealmaden.es\/wp-content\/uploads\/2024\/04\/reunion-05abril2024-768x544.jpg 768w, https:\/\/parqueminerodealmaden.es\/wp-content\/uploads\/2024\/04\/reunion-05abril2024.jpg 1417w\" data-sizes=\"(max-width: 1024px) 100vw, 1024px\" src=\"data:image\/svg+xml;base64,PHN2ZyB3aWR0aD0iMSIgaGVpZ2h0PSIxIiB4bWxucz0iaHR0cDovL3d3dy53My5vcmcvMjAwMC9zdmciPjwvc3ZnPg==\" style=\"--smush-placeholder-width: 1024px; --smush-placeholder-aspect-ratio: 1024\/725;\" \/><\/figure>\n","protected":false},"excerpt":{"rendered":"<p>El viernes 5 de abril, se celebr\u00f3 una reuni\u00f3n entre los representantes de MAYASA y Ayuntamiento de Almad\u00e9n, D. Jos\u00e9 Tejero y D\u00aa. Raquel Jurado,&#8230;<\/p>\n","protected":false},"author":4,"featured_media":3824,"comment_status":"closed","ping_status":"closed","sticky":false,"template":"","format":"standard","meta":{"_acf_changed":false,"inline_featured_image":true,"_kad_blocks_custom_css":"","_kad_blocks_head_custom_js":"","_kad_blocks_body_custom_js":"","_kad_blocks_footer_custom_js":"","_kad_post_transparent":"","_kad_post_title":"","_kad_post_layout":"","_kad_post_sidebar_id":"","_kad_post_content_style":"","_kad_post_vertical_padding":"","_kad_post_feature":"","_kad_post_feature_position":"","_kad_post_header":false,"_kad_post_footer":false,"_kad_post_classname":"","footnotes":""},"categories":[41],"tags":[],"class_list":["post-3826","post","type-post","status-publish","format-standard","has-post-thumbnail","hentry","category-press-room"],"acf":[],"yoast_head":"<!-- This site is optimized with the Yoast SEO plugin v27.4 - https:\/\/yoast.com\/product\/yoast-seo-wordpress\/ -->\n<title>\u25b7 REUNI\u00d3N ENTRE LOS REPRESENTANTES DE MAYASA Y AYUNTAMIENTO DE ALMAD\u00c9N - Parque Minero de Almad\u00e9n<\/title>\n<meta name=\"description\" content=\"Plan estrat\u00e9gico de MAYASA\" \/>\n<meta name=\"robots\" content=\"index, follow, max-snippet:-1, max-image-preview:large, max-video-preview:-1\" \/>\n<link rel=\"canonical\" href=\"https:\/\/parqueminerodealmaden.es\/en\/reunion-entre-los-representantes-de-mayasa-y-ayuntamiento-de-almaden\/\" \/>\n<meta property=\"og:locale\" content=\"en_US\" \/>\n<meta property=\"og:type\" content=\"article\" \/>\n<meta property=\"og:title\" content=\"\u25b7 REUNI\u00d3N ENTRE LOS REPRESENTANTES DE MAYASA Y AYUNTAMIENTO DE ALMAD\u00c9N - Parque Minero de Almad\u00e9n\" \/>\n<meta property=\"og:description\" content=\"Plan estrat\u00e9gico de MAYASA\" \/>\n<meta property=\"og:url\" content=\"https:\/\/parqueminerodealmaden.es\/en\/reunion-entre-los-representantes-de-mayasa-y-ayuntamiento-de-almaden\/\" \/>\n<meta property=\"og:site_name\" content=\"Parque Minero de Almad\u00e9n\" \/>\n<meta property=\"article:published_time\" content=\"2024-04-09T08:21:54+00:00\" \/>\n<meta property=\"article:modified_time\" content=\"2025-02-03T07:46:57+00:00\" \/>\n<meta property=\"og:image\" content=\"https:\/\/parqueminerodealmaden.es\/wp-content\/uploads\/2024\/04\/reunion-05abril2024.jpg\" \/>\n\t<meta property=\"og:image:width\" content=\"1417\" \/>\n\t<meta property=\"og:image:height\" content=\"1003\" \/>\n\t<meta property=\"og:image:type\" content=\"image\/jpeg\" \/>\n<meta name=\"author\" content=\"AChamorro\" \/>\n<meta name=\"twitter:card\" content=\"summary_large_image\" \/>\n<meta name=\"twitter:label1\" content=\"Written by\" \/>\n\t<meta name=\"twitter:data1\" content=\"AChamorro\" \/>\n\t<meta name=\"twitter:label2\" content=\"Est. reading time\" \/>\n\t<meta name=\"twitter:data2\" content=\"1 minute\" \/>\n<script type=\"application\/ld+json\" class=\"yoast-schema-graph\">{\"@context\":\"https:\\\/\\\/schema.org\",\"@graph\":[{\"@type\":\"Article\",\"@id\":\"https:\\\/\\\/parqueminerodealmaden.es\\\/en\\\/reunion-entre-los-representantes-de-mayasa-y-ayuntamiento-de-almaden\\\/#article\",\"isPartOf\":{\"@id\":\"https:\\\/\\\/parqueminerodealmaden.es\\\/en\\\/reunion-entre-los-representantes-de-mayasa-y-ayuntamiento-de-almaden\\\/\"},\"author\":{\"name\":\"AChamorro\",\"@id\":\"https:\\\/\\\/parqueminerodealmaden.es\\\/en\\\/#\\\/schema\\\/person\\\/c9f9bb5f1a572de1568efccf630ce6bb\"},\"headline\":\"REUNI\u00d3N ENTRE LOS REPRESENTANTES DE MAYASA Y AYUNTAMIENTO DE ALMAD\u00c9N\",\"datePublished\":\"2024-04-09T08:21:54+00:00\",\"dateModified\":\"2025-02-03T07:46:57+00:00\",\"mainEntityOfPage\":{\"@id\":\"https:\\\/\\\/parqueminerodealmaden.es\\\/en\\\/reunion-entre-los-representantes-de-mayasa-y-ayuntamiento-de-almaden\\\/\"},\"wordCount\":184,\"publisher\":{\"@id\":\"https:\\\/\\\/parqueminerodealmaden.es\\\/en\\\/#organization\"},\"image\":{\"@id\":\"https:\\\/\\\/parqueminerodealmaden.es\\\/en\\\/reunion-entre-los-representantes-de-mayasa-y-ayuntamiento-de-almaden\\\/#primaryimage\"},\"thumbnailUrl\":\"https:\\\/\\\/parqueminerodealmaden.es\\\/wp-content\\\/uploads\\\/2024\\\/04\\\/reunion-05abril2024.jpg\",\"articleSection\":[\"Press room\"],\"inLanguage\":\"en-US\"},{\"@type\":\"WebPage\",\"@id\":\"https:\\\/\\\/parqueminerodealmaden.es\\\/en\\\/reunion-entre-los-representantes-de-mayasa-y-ayuntamiento-de-almaden\\\/\",\"url\":\"https:\\\/\\\/parqueminerodealmaden.es\\\/en\\\/reunion-entre-los-representantes-de-mayasa-y-ayuntamiento-de-almaden\\\/\",\"name\":\"\u25b7 REUNI\u00d3N ENTRE LOS REPRESENTANTES DE MAYASA Y AYUNTAMIENTO DE ALMAD\u00c9N - Parque Minero de Almad\u00e9n\",\"isPartOf\":{\"@id\":\"https:\\\/\\\/parqueminerodealmaden.es\\\/en\\\/#website\"},\"primaryImageOfPage\":{\"@id\":\"https:\\\/\\\/parqueminerodealmaden.es\\\/en\\\/reunion-entre-los-representantes-de-mayasa-y-ayuntamiento-de-almaden\\\/#primaryimage\"},\"image\":{\"@id\":\"https:\\\/\\\/parqueminerodealmaden.es\\\/en\\\/reunion-entre-los-representantes-de-mayasa-y-ayuntamiento-de-almaden\\\/#primaryimage\"},\"thumbnailUrl\":\"https:\\\/\\\/parqueminerodealmaden.es\\\/wp-content\\\/uploads\\\/2024\\\/04\\\/reunion-05abril2024.jpg\",\"datePublished\":\"2024-04-09T08:21:54+00:00\",\"dateModified\":\"2025-02-03T07:46:57+00:00\",\"description\":\"Plan estrat\u00e9gico de MAYASA\",\"breadcrumb\":{\"@id\":\"https:\\\/\\\/parqueminerodealmaden.es\\\/en\\\/reunion-entre-los-representantes-de-mayasa-y-ayuntamiento-de-almaden\\\/#breadcrumb\"},\"inLanguage\":\"en-US\",\"potentialAction\":[{\"@type\":\"ReadAction\",\"target\":[\"https:\\\/\\\/parqueminerodealmaden.es\\\/en\\\/reunion-entre-los-representantes-de-mayasa-y-ayuntamiento-de-almaden\\\/\"]}]},{\"@type\":\"ImageObject\",\"inLanguage\":\"en-US\",\"@id\":\"https:\\\/\\\/parqueminerodealmaden.es\\\/en\\\/reunion-entre-los-representantes-de-mayasa-y-ayuntamiento-de-almaden\\\/#primaryimage\",\"url\":\"https:\\\/\\\/parqueminerodealmaden.es\\\/wp-content\\\/uploads\\\/2024\\\/04\\\/reunion-05abril2024.jpg\",\"contentUrl\":\"https:\\\/\\\/parqueminerodealmaden.es\\\/wp-content\\\/uploads\\\/2024\\\/04\\\/reunion-05abril2024.jpg\",\"width\":1417,\"height\":1003},{\"@type\":\"BreadcrumbList\",\"@id\":\"https:\\\/\\\/parqueminerodealmaden.es\\\/en\\\/reunion-entre-los-representantes-de-mayasa-y-ayuntamiento-de-almaden\\\/#breadcrumb\",\"itemListElement\":[{\"@type\":\"ListItem\",\"position\":1,\"name\":\"Portada\",\"item\":\"https:\\\/\\\/parqueminerodealmaden.es\\\/en\\\/\"},{\"@type\":\"ListItem\",\"position\":2,\"name\":\"REUNI\u00d3N ENTRE LOS REPRESENTANTES DE MAYASA Y AYUNTAMIENTO DE ALMAD\u00c9N\"}]},{\"@type\":\"WebSite\",\"@id\":\"https:\\\/\\\/parqueminerodealmaden.es\\\/en\\\/#website\",\"url\":\"https:\\\/\\\/parqueminerodealmaden.es\\\/en\\\/\",\"name\":\"Parque Minero de Almad\u00e9n\",\"description\":\"\",\"publisher\":{\"@id\":\"https:\\\/\\\/parqueminerodealmaden.es\\\/en\\\/#organization\"},\"potentialAction\":[{\"@type\":\"SearchAction\",\"target\":{\"@type\":\"EntryPoint\",\"urlTemplate\":\"https:\\\/\\\/parqueminerodealmaden.es\\\/en\\\/?s={search_term_string}\"},\"query-input\":{\"@type\":\"PropertyValueSpecification\",\"valueRequired\":true,\"valueName\":\"search_term_string\"}}],\"inLanguage\":\"en-US\"},{\"@type\":\"Organization\",\"@id\":\"https:\\\/\\\/parqueminerodealmaden.es\\\/en\\\/#organization\",\"name\":\"Parque Minero de Almad\u00e9n\",\"url\":\"https:\\\/\\\/parqueminerodealmaden.es\\\/en\\\/\",\"logo\":{\"@type\":\"ImageObject\",\"inLanguage\":\"en-US\",\"@id\":\"https:\\\/\\\/parqueminerodealmaden.es\\\/en\\\/#\\\/schema\\\/logo\\\/image\\\/\",\"url\":\"https:\\\/\\\/parqueminerodealmaden.es\\\/wp-content\\\/uploads\\\/2021\\\/12\\\/parque-minero-de-almaden.svg\",\"contentUrl\":\"https:\\\/\\\/parqueminerodealmaden.es\\\/wp-content\\\/uploads\\\/2021\\\/12\\\/parque-minero-de-almaden.svg\",\"width\":135,\"height\":116,\"caption\":\"Parque Minero de Almad\u00e9n\"},\"image\":{\"@id\":\"https:\\\/\\\/parqueminerodealmaden.es\\\/en\\\/#\\\/schema\\\/logo\\\/image\\\/\"}},{\"@type\":\"Person\",\"@id\":\"https:\\\/\\\/parqueminerodealmaden.es\\\/en\\\/#\\\/schema\\\/person\\\/c9f9bb5f1a572de1568efccf630ce6bb\",\"name\":\"AChamorro\",\"image\":{\"@type\":\"ImageObject\",\"inLanguage\":\"en-US\",\"@id\":\"https:\\\/\\\/secure.gravatar.com\\\/avatar\\\/644c1bd8287b8c460f66ab10855861e0b79082ff34594fbcfd4c29398b8b777f?s=96&d=mm&r=g\",\"url\":\"https:\\\/\\\/secure.gravatar.com\\\/avatar\\\/644c1bd8287b8c460f66ab10855861e0b79082ff34594fbcfd4c29398b8b777f?s=96&d=mm&r=g\",\"contentUrl\":\"https:\\\/\\\/secure.gravatar.com\\\/avatar\\\/644c1bd8287b8c460f66ab10855861e0b79082ff34594fbcfd4c29398b8b777f?s=96&d=mm&r=g\",\"caption\":\"AChamorro\"}}]}<\/script>\n<!-- \/ Yoast SEO plugin. -->","yoast_head_json":{"title":"\u25b7 REUNI\u00d3N ENTRE LOS REPRESENTANTES DE MAYASA Y AYUNTAMIENTO DE ALMAD\u00c9N - Parque Minero de Almad\u00e9n","description":"Plan estrat\u00e9gico de MAYASA","robots":{"index":"index","follow":"follow","max-snippet":"max-snippet:-1","max-image-preview":"max-image-preview:large","max-video-preview":"max-video-preview:-1"},"canonical":"https:\/\/parqueminerodealmaden.es\/en\/reunion-entre-los-representantes-de-mayasa-y-ayuntamiento-de-almaden\/","og_locale":"en_US","og_type":"article","og_title":"\u25b7 REUNI\u00d3N ENTRE LOS REPRESENTANTES DE MAYASA Y AYUNTAMIENTO DE ALMAD\u00c9N - Parque Minero de Almad\u00e9n","og_description":"Plan estrat\u00e9gico de MAYASA","og_url":"https:\/\/parqueminerodealmaden.es\/en\/reunion-entre-los-representantes-de-mayasa-y-ayuntamiento-de-almaden\/","og_site_name":"Parque Minero de Almad\u00e9n","article_published_time":"2024-04-09T08:21:54+00:00","article_modified_time":"2025-02-03T07:46:57+00:00","og_image":[{"width":1417,"height":1003,"url":"https:\/\/parqueminerodealmaden.es\/wp-content\/uploads\/2024\/04\/reunion-05abril2024.jpg","type":"image\/jpeg"}],"author":"AChamorro","twitter_card":"summary_large_image","twitter_misc":{"Written by":"AChamorro","Est. reading time":"1 minute"},"schema":{"@context":"https:\/\/schema.org","@graph":[{"@type":"Article","@id":"https:\/\/parqueminerodealmaden.es\/en\/reunion-entre-los-representantes-de-mayasa-y-ayuntamiento-de-almaden\/#article","isPartOf":{"@id":"https:\/\/parqueminerodealmaden.es\/en\/reunion-entre-los-representantes-de-mayasa-y-ayuntamiento-de-almaden\/"},"author":{"name":"AChamorro","@id":"https:\/\/parqueminerodealmaden.es\/en\/#\/schema\/person\/c9f9bb5f1a572de1568efccf630ce6bb"},"headline":"REUNI\u00d3N ENTRE LOS REPRESENTANTES DE MAYASA Y AYUNTAMIENTO DE ALMAD\u00c9N","datePublished":"2024-04-09T08:21:54+00:00","dateModified":"2025-02-03T07:46:57+00:00","mainEntityOfPage":{"@id":"https:\/\/parqueminerodealmaden.es\/en\/reunion-entre-los-representantes-de-mayasa-y-ayuntamiento-de-almaden\/"},"wordCount":184,"publisher":{"@id":"https:\/\/parqueminerodealmaden.es\/en\/#organization"},"image":{"@id":"https:\/\/parqueminerodealmaden.es\/en\/reunion-entre-los-representantes-de-mayasa-y-ayuntamiento-de-almaden\/#primaryimage"},"thumbnailUrl":"https:\/\/parqueminerodealmaden.es\/wp-content\/uploads\/2024\/04\/reunion-05abril2024.jpg","articleSection":["Press room"],"inLanguage":"en-US"},{"@type":"WebPage","@id":"https:\/\/parqueminerodealmaden.es\/en\/reunion-entre-los-representantes-de-mayasa-y-ayuntamiento-de-almaden\/","url":"https:\/\/parqueminerodealmaden.es\/en\/reunion-entre-los-representantes-de-mayasa-y-ayuntamiento-de-almaden\/","name":"\u25b7 REUNI\u00d3N ENTRE LOS REPRESENTANTES DE MAYASA Y AYUNTAMIENTO DE ALMAD\u00c9N - Parque Minero de Almad\u00e9n","isPartOf":{"@id":"https:\/\/parqueminerodealmaden.es\/en\/#website"},"primaryImageOfPage":{"@id":"https:\/\/parqueminerodealmaden.es\/en\/reunion-entre-los-representantes-de-mayasa-y-ayuntamiento-de-almaden\/#primaryimage"},"image":{"@id":"https:\/\/parqueminerodealmaden.es\/en\/reunion-entre-los-representantes-de-mayasa-y-ayuntamiento-de-almaden\/#primaryimage"},"thumbnailUrl":"https:\/\/parqueminerodealmaden.es\/wp-content\/uploads\/2024\/04\/reunion-05abril2024.jpg","datePublished":"2024-04-09T08:21:54+00:00","dateModified":"2025-02-03T07:46:57+00:00","description":"Plan estrat\u00e9gico de MAYASA","breadcrumb":{"@id":"https:\/\/parqueminerodealmaden.es\/en\/reunion-entre-los-representantes-de-mayasa-y-ayuntamiento-de-almaden\/#breadcrumb"},"inLanguage":"en-US","potentialAction":[{"@type":"ReadAction","target":["https:\/\/parqueminerodealmaden.es\/en\/reunion-entre-los-representantes-de-mayasa-y-ayuntamiento-de-almaden\/"]}]},{"@type":"ImageObject","inLanguage":"en-US","@id":"https:\/\/parqueminerodealmaden.es\/en\/reunion-entre-los-representantes-de-mayasa-y-ayuntamiento-de-almaden\/#primaryimage","url":"https:\/\/parqueminerodealmaden.es\/wp-content\/uploads\/2024\/04\/reunion-05abril2024.jpg","contentUrl":"https:\/\/parqueminerodealmaden.es\/wp-content\/uploads\/2024\/04\/reunion-05abril2024.jpg","width":1417,"height":1003},{"@type":"BreadcrumbList","@id":"https:\/\/parqueminerodealmaden.es\/en\/reunion-entre-los-representantes-de-mayasa-y-ayuntamiento-de-almaden\/#breadcrumb","itemListElement":[{"@type":"ListItem","position":1,"name":"Portada","item":"https:\/\/parqueminerodealmaden.es\/en\/"},{"@type":"ListItem","position":2,"name":"REUNI\u00d3N ENTRE LOS REPRESENTANTES DE MAYASA Y AYUNTAMIENTO DE ALMAD\u00c9N"}]},{"@type":"WebSite","@id":"https:\/\/parqueminerodealmaden.es\/en\/#website","url":"https:\/\/parqueminerodealmaden.es\/en\/","name":"Parque Minero de Almad\u00e9n","description":"","publisher":{"@id":"https:\/\/parqueminerodealmaden.es\/en\/#organization"},"potentialAction":[{"@type":"SearchAction","target":{"@type":"EntryPoint","urlTemplate":"https:\/\/parqueminerodealmaden.es\/en\/?s={search_term_string}"},"query-input":{"@type":"PropertyValueSpecification","valueRequired":true,"valueName":"search_term_string"}}],"inLanguage":"en-US"},{"@type":"Organization","@id":"https:\/\/parqueminerodealmaden.es\/en\/#organization","name":"Parque Minero de Almad\u00e9n","url":"https:\/\/parqueminerodealmaden.es\/en\/","logo":{"@type":"ImageObject","inLanguage":"en-US","@id":"https:\/\/parqueminerodealmaden.es\/en\/#\/schema\/logo\/image\/","url":"https:\/\/parqueminerodealmaden.es\/wp-content\/uploads\/2021\/12\/parque-minero-de-almaden.svg","contentUrl":"https:\/\/parqueminerodealmaden.es\/wp-content\/uploads\/2021\/12\/parque-minero-de-almaden.svg","width":135,"height":116,"caption":"Parque Minero de Almad\u00e9n"},"image":{"@id":"https:\/\/parqueminerodealmaden.es\/en\/#\/schema\/logo\/image\/"}},{"@type":"Person","@id":"https:\/\/parqueminerodealmaden.es\/en\/#\/schema\/person\/c9f9bb5f1a572de1568efccf630ce6bb","name":"AChamorro","image":{"@type":"ImageObject","inLanguage":"en-US","@id":"https:\/\/secure.gravatar.com\/avatar\/644c1bd8287b8c460f66ab10855861e0b79082ff34594fbcfd4c29398b8b777f?s=96&d=mm&r=g","url":"https:\/\/secure.gravatar.com\/avatar\/644c1bd8287b8c460f66ab10855861e0b79082ff34594fbcfd4c29398b8b777f?s=96&d=mm&r=g","contentUrl":"https:\/\/secure.gravatar.com\/avatar\/644c1bd8287b8c460f66ab10855861e0b79082ff34594fbcfd4c29398b8b777f?s=96&d=mm&r=g","caption":"AChamorro"}}]}},"taxonomy_info":{"category":[{"value":41,"label":"Press room"}]},"featured_image_src_large":["https:\/\/parqueminerodealmaden.es\/wp-content\/uploads\/2024\/04\/reunion-05abril2024-1024x725.jpg",1024,725,true],"author_info":{"display_name":"AChamorro","author_link":"https:\/\/parqueminerodealmaden.es\/en\/author\/achamorro\/"},"comment_info":0,"category_info":[{"term_id":41,"name":"Press room","slug":"press-room","term_group":0,"term_taxonomy_id":41,"taxonomy":"category","description":"","parent":0,"count":4,"filter":"raw","cat_ID":41,"category_count":4,"category_description":"","cat_name":"Press room","category_nicename":"press-room","category_parent":0}],"tag_info":false,"_links":{"self":[{"href":"https:\/\/parqueminerodealmaden.es\/en\/wp-json\/wp\/v2\/posts\/3826","targetHints":{"allow":["GET"]}}],"collection":[{"href":"https:\/\/parqueminerodealmaden.es\/en\/wp-json\/wp\/v2\/posts"}],"about":[{"href":"https:\/\/parqueminerodealmaden.es\/en\/wp-json\/wp\/v2\/types\/post"}],"author":[{"embeddable":true,"href":"https:\/\/parqueminerodealmaden.es\/en\/wp-json\/wp\/v2\/users\/4"}],"replies":[{"embeddable":true,"href":"https:\/\/parqueminerodealmaden.es\/en\/wp-json\/wp\/v2\/comments?post=3826"}],"version-history":[{"count":2,"href":"https:\/\/parqueminerodealmaden.es\/en\/wp-json\/wp\/v2\/posts\/3826\/revisions"}],"predecessor-version":[{"id":4729,"href":"https:\/\/parqueminerodealmaden.es\/en\/wp-json\/wp\/v2\/posts\/3826\/revisions\/4729"}],"wp:featuredmedia":[{"embeddable":true,"href":"https:\/\/parqueminerodealmaden.es\/en\/wp-json\/wp\/v2\/media\/3824"}],"wp:attachment":[{"href":"https:\/\/parqueminerodealmaden.es\/en\/wp-json\/wp\/v2\/media?parent=3826"}],"wp:term":[{"taxonomy":"category","embeddable":true,"href":"https:\/\/parqueminerodealmaden.es\/en\/wp-json\/wp\/v2\/categories?post=3826"},{"taxonomy":"post_tag","embeddable":true,"href":"https:\/\/parqueminerodealmaden.es\/en\/wp-json\/wp\/v2\/tags?post=3826"}],"curies":[{"name":"wp","href":"https:\/\/api.w.org\/{rel}","templated":true}]}}