{"id":2986,"date":"2023-01-18T12:00:19","date_gmt":"2023-01-18T11:00:19","guid":{"rendered":"https:\/\/parqueminerodealmaden.es\/?p=2986"},"modified":"2023-03-06T09:32:51","modified_gmt":"2023-03-06T08:32:51","slug":"minas-de-almaden-en-fitur-2023","status":"publish","type":"post","link":"https:\/\/parqueminerodealmaden.es\/en\/minas-de-almaden-en-fitur-2023\/","title":{"rendered":"Minas de Almad\u00e9n en FITUR 2023"},"content":{"rendered":"\n<p>Un a\u00f1o m\u00e1s, Minas de Almad\u00e9n estar\u00e1 presente en la Feria Internacional de Turismo FITUR23 del 18 al 23 de enero. En esta ocasi\u00f3n nuestra presencia se centrar\u00e1 adem\u00e1s de asistir a la informaci\u00f3n del corner espec\u00edfico en el contexto de los&nbsp;<strong>destinos Patrimonio de la Humanidad del Stand de Castilla La Mancha (7B02)<\/strong>, en varios programas de trabajo orientados a la comunicaci\u00f3n, la comercializaci\u00f3n y la calidad. Por primera vez asistiremos como operadores tur\u00edsticos al&nbsp;<strong>FITUR LiveConnect<\/strong>&nbsp;donde tenemos ya previsto mantener diferentes reuniones con operadores tur\u00edsticos para presentar nuestra nueva oferta tur\u00edstica y reforzar el programa de comercializaci\u00f3n de&nbsp;<strong>Minas de Almad\u00e9n Parque Minero<\/strong>&nbsp;a trav\u00e9s del nuevo dosier de productos. As\u00ed mismo, dentro del programa de comunicaci\u00f3n presentaremos nuestra nueva l\u00ednea de promoci\u00f3n centrada en el nuevo audiovisual del destino Minas de Almad\u00e9n y varios folletos interactivos digitales, basados en la experiencia de usuario y en los segmentos de p\u00fablico m\u00e1s interesados en nuestra oferta. Tambi\u00e9n asistiremos a la presentaci\u00f3n por parte de la Secretar\u00eda General de Turismo de la acreditaci\u00f3n del sello SICTED (Sistema Integral de Calidad Tur\u00edstica en Destino) para la comarca MonteSur donde hemos sido acreditados como&nbsp;<strong>centro SICTED de Turismo Industrial<\/strong>. El d\u00eda 19 jueves, d\u00eda de Ciudad Real en FITUR23, se presentar\u00e1 el Plan de Sostenibilidad Tur\u00edstico de la Comarca de Almad\u00e9n en el que Minas de Almad\u00e9n tiene concedidos fondos para el desarrollo de acciones de creaci\u00f3n de experiencias tur\u00edstico-culturales por valor de 450.000 euros.&nbsp;<\/p>\n","protected":false},"excerpt":{"rendered":"<p>Un a\u00f1o m\u00e1s, Minas de Almad\u00e9n estar\u00e1 presente en la Feria Internacional de Turismo FITUR23 del 18 al 23 de enero. En esta ocasi\u00f3n nuestra&#8230;<\/p>\n","protected":false},"author":1,"featured_media":2953,"comment_status":"closed","ping_status":"closed","sticky":false,"template":"","format":"standard","meta":{"_acf_changed":false,"inline_featured_image":false,"_kad_blocks_custom_css":"","_kad_blocks_head_custom_js":"","_kad_blocks_body_custom_js":"","_kad_blocks_footer_custom_js":"","_kad_post_transparent":"","_kad_post_title":"","_kad_post_layout":"","_kad_post_sidebar_id":"","_kad_post_content_style":"","_kad_post_vertical_padding":"","_kad_post_feature":"","_kad_post_feature_position":"","_kad_post_header":false,"_kad_post_footer":false,"_kad_post_classname":"","footnotes":""},"categories":[39],"tags":[],"class_list":["post-2986","post","type-post","status-publish","format-standard","has-post-thumbnail","hentry","category-blog-en"],"acf":[],"yoast_head":"<!-- This site is optimized with the Yoast SEO plugin v27.4 - https:\/\/yoast.com\/product\/yoast-seo-wordpress\/ -->\n<title>\u25b7 Minas de Almad\u00e9n en FITUR 2023 - Parque Minero de Almad\u00e9n<\/title>\n<meta name=\"description\" content=\"Descubre el Parque Minero de Almad\u00e9n, Patrimonio de la Humanidad, y vive una experiencia \u00fanica explorando las antiguas minas de mercurio.\" \/>\n<meta name=\"robots\" content=\"index, follow, max-snippet:-1, max-image-preview:large, max-video-preview:-1\" \/>\n<link rel=\"canonical\" href=\"https:\/\/parqueminerodealmaden.es\/en\/minas-de-almaden-en-fitur-2023\/\" \/>\n<meta property=\"og:locale\" content=\"en_US\" \/>\n<meta property=\"og:type\" content=\"article\" \/>\n<meta property=\"og:title\" content=\"\u25b7 Minas de Almad\u00e9n en FITUR 2023 - Parque Minero de Almad\u00e9n\" \/>\n<meta property=\"og:description\" content=\"Descubre el Parque Minero de Almad\u00e9n, Patrimonio de la Humanidad, y vive una experiencia \u00fanica explorando las antiguas minas de mercurio.\" \/>\n<meta property=\"og:url\" content=\"https:\/\/parqueminerodealmaden.es\/en\/minas-de-almaden-en-fitur-2023\/\" \/>\n<meta property=\"og:site_name\" content=\"Parque Minero de Almad\u00e9n\" \/>\n<meta property=\"article:published_time\" content=\"2023-01-18T11:00:19+00:00\" \/>\n<meta property=\"article:modified_time\" content=\"2023-03-06T08:32:51+00:00\" \/>\n<meta property=\"og:image\" content=\"https:\/\/parqueminerodealmaden.es\/wp-content\/uploads\/2023\/02\/MATYC-COM-NOTA-Minas-de-Almaden-en-FUTUR-23-min-1024x877.jpg\" \/>\n\t<meta property=\"og:image:width\" content=\"1024\" \/>\n\t<meta property=\"og:image:height\" content=\"877\" \/>\n\t<meta property=\"og:image:type\" content=\"image\/jpeg\" \/>\n<meta name=\"author\" content=\"expacioweb\" \/>\n<meta name=\"twitter:card\" content=\"summary_large_image\" \/>\n<meta name=\"twitter:label1\" content=\"Written by\" \/>\n\t<meta name=\"twitter:data1\" content=\"expacioweb\" \/>\n\t<meta name=\"twitter:label2\" content=\"Est. reading time\" \/>\n\t<meta name=\"twitter:data2\" content=\"2 minutes\" \/>\n<script type=\"application\/ld+json\" class=\"yoast-schema-graph\">{\"@context\":\"https:\\\/\\\/schema.org\",\"@graph\":[{\"@type\":\"Article\",\"@id\":\"https:\\\/\\\/parqueminerodealmaden.es\\\/en\\\/minas-de-almaden-en-fitur-2023\\\/#article\",\"isPartOf\":{\"@id\":\"https:\\\/\\\/parqueminerodealmaden.es\\\/en\\\/minas-de-almaden-en-fitur-2023\\\/\"},\"author\":{\"name\":\"expacioweb\",\"@id\":\"https:\\\/\\\/parqueminerodealmaden.es\\\/en\\\/#\\\/schema\\\/person\\\/5a013ea1e7fcf3225c683db598e17253\"},\"headline\":\"Minas de Almad\u00e9n en FITUR 2023\",\"datePublished\":\"2023-01-18T11:00:19+00:00\",\"dateModified\":\"2023-03-06T08:32:51+00:00\",\"mainEntityOfPage\":{\"@id\":\"https:\\\/\\\/parqueminerodealmaden.es\\\/en\\\/minas-de-almaden-en-fitur-2023\\\/\"},\"wordCount\":286,\"publisher\":{\"@id\":\"https:\\\/\\\/parqueminerodealmaden.es\\\/en\\\/#organization\"},\"image\":{\"@id\":\"https:\\\/\\\/parqueminerodealmaden.es\\\/en\\\/minas-de-almaden-en-fitur-2023\\\/#primaryimage\"},\"thumbnailUrl\":\"https:\\\/\\\/parqueminerodealmaden.es\\\/wp-content\\\/uploads\\\/2023\\\/02\\\/MATYC-COM-NOTA-Minas-de-Almaden-en-FUTUR-23-min.jpg\",\"articleSection\":[\"Blog\"],\"inLanguage\":\"en-US\"},{\"@type\":\"WebPage\",\"@id\":\"https:\\\/\\\/parqueminerodealmaden.es\\\/en\\\/minas-de-almaden-en-fitur-2023\\\/\",\"url\":\"https:\\\/\\\/parqueminerodealmaden.es\\\/en\\\/minas-de-almaden-en-fitur-2023\\\/\",\"name\":\"\u25b7 Minas de Almad\u00e9n en FITUR 2023 - Parque Minero de Almad\u00e9n\",\"isPartOf\":{\"@id\":\"https:\\\/\\\/parqueminerodealmaden.es\\\/en\\\/#website\"},\"primaryImageOfPage\":{\"@id\":\"https:\\\/\\\/parqueminerodealmaden.es\\\/en\\\/minas-de-almaden-en-fitur-2023\\\/#primaryimage\"},\"image\":{\"@id\":\"https:\\\/\\\/parqueminerodealmaden.es\\\/en\\\/minas-de-almaden-en-fitur-2023\\\/#primaryimage\"},\"thumbnailUrl\":\"https:\\\/\\\/parqueminerodealmaden.es\\\/wp-content\\\/uploads\\\/2023\\\/02\\\/MATYC-COM-NOTA-Minas-de-Almaden-en-FUTUR-23-min.jpg\",\"datePublished\":\"2023-01-18T11:00:19+00:00\",\"dateModified\":\"2023-03-06T08:32:51+00:00\",\"description\":\"Descubre el Parque Minero de Almad\u00e9n, Patrimonio de la Humanidad, y vive una experiencia \u00fanica explorando las antiguas minas de mercurio.\",\"breadcrumb\":{\"@id\":\"https:\\\/\\\/parqueminerodealmaden.es\\\/en\\\/minas-de-almaden-en-fitur-2023\\\/#breadcrumb\"},\"inLanguage\":\"en-US\",\"potentialAction\":[{\"@type\":\"ReadAction\",\"target\":[\"https:\\\/\\\/parqueminerodealmaden.es\\\/en\\\/minas-de-almaden-en-fitur-2023\\\/\"]}]},{\"@type\":\"ImageObject\",\"inLanguage\":\"en-US\",\"@id\":\"https:\\\/\\\/parqueminerodealmaden.es\\\/en\\\/minas-de-almaden-en-fitur-2023\\\/#primaryimage\",\"url\":\"https:\\\/\\\/parqueminerodealmaden.es\\\/wp-content\\\/uploads\\\/2023\\\/02\\\/MATYC-COM-NOTA-Minas-de-Almaden-en-FUTUR-23-min.jpg\",\"contentUrl\":\"https:\\\/\\\/parqueminerodealmaden.es\\\/wp-content\\\/uploads\\\/2023\\\/02\\\/MATYC-COM-NOTA-Minas-de-Almaden-en-FUTUR-23-min.jpg\",\"width\":4601,\"height\":3941},{\"@type\":\"BreadcrumbList\",\"@id\":\"https:\\\/\\\/parqueminerodealmaden.es\\\/en\\\/minas-de-almaden-en-fitur-2023\\\/#breadcrumb\",\"itemListElement\":[{\"@type\":\"ListItem\",\"position\":1,\"name\":\"Portada\",\"item\":\"https:\\\/\\\/parqueminerodealmaden.es\\\/en\\\/\"},{\"@type\":\"ListItem\",\"position\":2,\"name\":\"Minas de Almad\u00e9n en FITUR 2023\"}]},{\"@type\":\"WebSite\",\"@id\":\"https:\\\/\\\/parqueminerodealmaden.es\\\/en\\\/#website\",\"url\":\"https:\\\/\\\/parqueminerodealmaden.es\\\/en\\\/\",\"name\":\"Parque Minero de Almad\u00e9n\",\"description\":\"\",\"publisher\":{\"@id\":\"https:\\\/\\\/parqueminerodealmaden.es\\\/en\\\/#organization\"},\"potentialAction\":[{\"@type\":\"SearchAction\",\"target\":{\"@type\":\"EntryPoint\",\"urlTemplate\":\"https:\\\/\\\/parqueminerodealmaden.es\\\/en\\\/?s={search_term_string}\"},\"query-input\":{\"@type\":\"PropertyValueSpecification\",\"valueRequired\":true,\"valueName\":\"search_term_string\"}}],\"inLanguage\":\"en-US\"},{\"@type\":\"Organization\",\"@id\":\"https:\\\/\\\/parqueminerodealmaden.es\\\/en\\\/#organization\",\"name\":\"Parque Minero de Almad\u00e9n\",\"url\":\"https:\\\/\\\/parqueminerodealmaden.es\\\/en\\\/\",\"logo\":{\"@type\":\"ImageObject\",\"inLanguage\":\"en-US\",\"@id\":\"https:\\\/\\\/parqueminerodealmaden.es\\\/en\\\/#\\\/schema\\\/logo\\\/image\\\/\",\"url\":\"https:\\\/\\\/parqueminerodealmaden.es\\\/wp-content\\\/uploads\\\/2021\\\/12\\\/parque-minero-de-almaden.svg\",\"contentUrl\":\"https:\\\/\\\/parqueminerodealmaden.es\\\/wp-content\\\/uploads\\\/2021\\\/12\\\/parque-minero-de-almaden.svg\",\"width\":135,\"height\":116,\"caption\":\"Parque Minero de Almad\u00e9n\"},\"image\":{\"@id\":\"https:\\\/\\\/parqueminerodealmaden.es\\\/en\\\/#\\\/schema\\\/logo\\\/image\\\/\"}},{\"@type\":\"Person\",\"@id\":\"https:\\\/\\\/parqueminerodealmaden.es\\\/en\\\/#\\\/schema\\\/person\\\/5a013ea1e7fcf3225c683db598e17253\",\"name\":\"expacioweb\",\"image\":{\"@type\":\"ImageObject\",\"inLanguage\":\"en-US\",\"@id\":\"https:\\\/\\\/secure.gravatar.com\\\/avatar\\\/07b32851c062aa81cbe52c771bc99557421783ed894593d330426537edebbff5?s=96&d=mm&r=g\",\"url\":\"https:\\\/\\\/secure.gravatar.com\\\/avatar\\\/07b32851c062aa81cbe52c771bc99557421783ed894593d330426537edebbff5?s=96&d=mm&r=g\",\"contentUrl\":\"https:\\\/\\\/secure.gravatar.com\\\/avatar\\\/07b32851c062aa81cbe52c771bc99557421783ed894593d330426537edebbff5?s=96&d=mm&r=g\",\"caption\":\"expacioweb\"},\"sameAs\":[\"https:\\\/\\\/parqueminerodealmaden.es\"]}]}<\/script>\n<!-- \/ Yoast SEO plugin. -->","yoast_head_json":{"title":"\u25b7 Minas de Almad\u00e9n en FITUR 2023 - Parque Minero de Almad\u00e9n","description":"Descubre el Parque Minero de Almad\u00e9n, Patrimonio de la Humanidad, y vive una experiencia \u00fanica explorando las antiguas minas de mercurio.","robots":{"index":"index","follow":"follow","max-snippet":"max-snippet:-1","max-image-preview":"max-image-preview:large","max-video-preview":"max-video-preview:-1"},"canonical":"https:\/\/parqueminerodealmaden.es\/en\/minas-de-almaden-en-fitur-2023\/","og_locale":"en_US","og_type":"article","og_title":"\u25b7 Minas de Almad\u00e9n en FITUR 2023 - Parque Minero de Almad\u00e9n","og_description":"Descubre el Parque Minero de Almad\u00e9n, Patrimonio de la Humanidad, y vive una experiencia \u00fanica explorando las antiguas minas de mercurio.","og_url":"https:\/\/parqueminerodealmaden.es\/en\/minas-de-almaden-en-fitur-2023\/","og_site_name":"Parque Minero de Almad\u00e9n","article_published_time":"2023-01-18T11:00:19+00:00","article_modified_time":"2023-03-06T08:32:51+00:00","og_image":[{"width":1024,"height":877,"url":"https:\/\/parqueminerodealmaden.es\/wp-content\/uploads\/2023\/02\/MATYC-COM-NOTA-Minas-de-Almaden-en-FUTUR-23-min-1024x877.jpg","type":"image\/jpeg"}],"author":"expacioweb","twitter_card":"summary_large_image","twitter_misc":{"Written by":"expacioweb","Est. reading time":"2 minutes"},"schema":{"@context":"https:\/\/schema.org","@graph":[{"@type":"Article","@id":"https:\/\/parqueminerodealmaden.es\/en\/minas-de-almaden-en-fitur-2023\/#article","isPartOf":{"@id":"https:\/\/parqueminerodealmaden.es\/en\/minas-de-almaden-en-fitur-2023\/"},"author":{"name":"expacioweb","@id":"https:\/\/parqueminerodealmaden.es\/en\/#\/schema\/person\/5a013ea1e7fcf3225c683db598e17253"},"headline":"Minas de Almad\u00e9n en FITUR 2023","datePublished":"2023-01-18T11:00:19+00:00","dateModified":"2023-03-06T08:32:51+00:00","mainEntityOfPage":{"@id":"https:\/\/parqueminerodealmaden.es\/en\/minas-de-almaden-en-fitur-2023\/"},"wordCount":286,"publisher":{"@id":"https:\/\/parqueminerodealmaden.es\/en\/#organization"},"image":{"@id":"https:\/\/parqueminerodealmaden.es\/en\/minas-de-almaden-en-fitur-2023\/#primaryimage"},"thumbnailUrl":"https:\/\/parqueminerodealmaden.es\/wp-content\/uploads\/2023\/02\/MATYC-COM-NOTA-Minas-de-Almaden-en-FUTUR-23-min.jpg","articleSection":["Blog"],"inLanguage":"en-US"},{"@type":"WebPage","@id":"https:\/\/parqueminerodealmaden.es\/en\/minas-de-almaden-en-fitur-2023\/","url":"https:\/\/parqueminerodealmaden.es\/en\/minas-de-almaden-en-fitur-2023\/","name":"\u25b7 Minas de Almad\u00e9n en FITUR 2023 - Parque Minero de Almad\u00e9n","isPartOf":{"@id":"https:\/\/parqueminerodealmaden.es\/en\/#website"},"primaryImageOfPage":{"@id":"https:\/\/parqueminerodealmaden.es\/en\/minas-de-almaden-en-fitur-2023\/#primaryimage"},"image":{"@id":"https:\/\/parqueminerodealmaden.es\/en\/minas-de-almaden-en-fitur-2023\/#primaryimage"},"thumbnailUrl":"https:\/\/parqueminerodealmaden.es\/wp-content\/uploads\/2023\/02\/MATYC-COM-NOTA-Minas-de-Almaden-en-FUTUR-23-min.jpg","datePublished":"2023-01-18T11:00:19+00:00","dateModified":"2023-03-06T08:32:51+00:00","description":"Descubre el Parque Minero de Almad\u00e9n, Patrimonio de la Humanidad, y vive una experiencia \u00fanica explorando las antiguas minas de mercurio.","breadcrumb":{"@id":"https:\/\/parqueminerodealmaden.es\/en\/minas-de-almaden-en-fitur-2023\/#breadcrumb"},"inLanguage":"en-US","potentialAction":[{"@type":"ReadAction","target":["https:\/\/parqueminerodealmaden.es\/en\/minas-de-almaden-en-fitur-2023\/"]}]},{"@type":"ImageObject","inLanguage":"en-US","@id":"https:\/\/parqueminerodealmaden.es\/en\/minas-de-almaden-en-fitur-2023\/#primaryimage","url":"https:\/\/parqueminerodealmaden.es\/wp-content\/uploads\/2023\/02\/MATYC-COM-NOTA-Minas-de-Almaden-en-FUTUR-23-min.jpg","contentUrl":"https:\/\/parqueminerodealmaden.es\/wp-content\/uploads\/2023\/02\/MATYC-COM-NOTA-Minas-de-Almaden-en-FUTUR-23-min.jpg","width":4601,"height":3941},{"@type":"BreadcrumbList","@id":"https:\/\/parqueminerodealmaden.es\/en\/minas-de-almaden-en-fitur-2023\/#breadcrumb","itemListElement":[{"@type":"ListItem","position":1,"name":"Portada","item":"https:\/\/parqueminerodealmaden.es\/en\/"},{"@type":"ListItem","position":2,"name":"Minas de Almad\u00e9n en FITUR 2023"}]},{"@type":"WebSite","@id":"https:\/\/parqueminerodealmaden.es\/en\/#website","url":"https:\/\/parqueminerodealmaden.es\/en\/","name":"Parque Minero de Almad\u00e9n","description":"","publisher":{"@id":"https:\/\/parqueminerodealmaden.es\/en\/#organization"},"potentialAction":[{"@type":"SearchAction","target":{"@type":"EntryPoint","urlTemplate":"https:\/\/parqueminerodealmaden.es\/en\/?s={search_term_string}"},"query-input":{"@type":"PropertyValueSpecification","valueRequired":true,"valueName":"search_term_string"}}],"inLanguage":"en-US"},{"@type":"Organization","@id":"https:\/\/parqueminerodealmaden.es\/en\/#organization","name":"Parque Minero de Almad\u00e9n","url":"https:\/\/parqueminerodealmaden.es\/en\/","logo":{"@type":"ImageObject","inLanguage":"en-US","@id":"https:\/\/parqueminerodealmaden.es\/en\/#\/schema\/logo\/image\/","url":"https:\/\/parqueminerodealmaden.es\/wp-content\/uploads\/2021\/12\/parque-minero-de-almaden.svg","contentUrl":"https:\/\/parqueminerodealmaden.es\/wp-content\/uploads\/2021\/12\/parque-minero-de-almaden.svg","width":135,"height":116,"caption":"Parque Minero de Almad\u00e9n"},"image":{"@id":"https:\/\/parqueminerodealmaden.es\/en\/#\/schema\/logo\/image\/"}},{"@type":"Person","@id":"https:\/\/parqueminerodealmaden.es\/en\/#\/schema\/person\/5a013ea1e7fcf3225c683db598e17253","name":"expacioweb","image":{"@type":"ImageObject","inLanguage":"en-US","@id":"https:\/\/secure.gravatar.com\/avatar\/07b32851c062aa81cbe52c771bc99557421783ed894593d330426537edebbff5?s=96&d=mm&r=g","url":"https:\/\/secure.gravatar.com\/avatar\/07b32851c062aa81cbe52c771bc99557421783ed894593d330426537edebbff5?s=96&d=mm&r=g","contentUrl":"https:\/\/secure.gravatar.com\/avatar\/07b32851c062aa81cbe52c771bc99557421783ed894593d330426537edebbff5?s=96&d=mm&r=g","caption":"expacioweb"},"sameAs":["https:\/\/parqueminerodealmaden.es"]}]}},"taxonomy_info":{"category":[{"value":39,"label":"Blog"}]},"featured_image_src_large":["https:\/\/parqueminerodealmaden.es\/wp-content\/uploads\/2023\/02\/MATYC-COM-NOTA-Minas-de-Almaden-en-FUTUR-23-min-1024x877.jpg",1024,877,true],"author_info":{"display_name":"expacioweb","author_link":"https:\/\/parqueminerodealmaden.es\/en\/author\/expacioweb\/"},"comment_info":0,"category_info":[{"term_id":39,"name":"Blog","slug":"blog-en","term_group":0,"term_taxonomy_id":39,"taxonomy":"category","description":"","parent":0,"count":23,"filter":"raw","cat_ID":39,"category_count":23,"category_description":"","cat_name":"Blog","category_nicename":"blog-en","category_parent":0}],"tag_info":false,"_links":{"self":[{"href":"https:\/\/parqueminerodealmaden.es\/en\/wp-json\/wp\/v2\/posts\/2986","targetHints":{"allow":["GET"]}}],"collection":[{"href":"https:\/\/parqueminerodealmaden.es\/en\/wp-json\/wp\/v2\/posts"}],"about":[{"href":"https:\/\/parqueminerodealmaden.es\/en\/wp-json\/wp\/v2\/types\/post"}],"author":[{"embeddable":true,"href":"https:\/\/parqueminerodealmaden.es\/en\/wp-json\/wp\/v2\/users\/1"}],"replies":[{"embeddable":true,"href":"https:\/\/parqueminerodealmaden.es\/en\/wp-json\/wp\/v2\/comments?post=2986"}],"version-history":[{"count":1,"href":"https:\/\/parqueminerodealmaden.es\/en\/wp-json\/wp\/v2\/posts\/2986\/revisions"}],"predecessor-version":[{"id":2987,"href":"https:\/\/parqueminerodealmaden.es\/en\/wp-json\/wp\/v2\/posts\/2986\/revisions\/2987"}],"wp:featuredmedia":[{"embeddable":true,"href":"https:\/\/parqueminerodealmaden.es\/en\/wp-json\/wp\/v2\/media\/2953"}],"wp:attachment":[{"href":"https:\/\/parqueminerodealmaden.es\/en\/wp-json\/wp\/v2\/media?parent=2986"}],"wp:term":[{"taxonomy":"category","embeddable":true,"href":"https:\/\/parqueminerodealmaden.es\/en\/wp-json\/wp\/v2\/categories?post=2986"},{"taxonomy":"post_tag","embeddable":true,"href":"https:\/\/parqueminerodealmaden.es\/en\/wp-json\/wp\/v2\/tags?post=2986"}],"curies":[{"name":"wp","href":"https:\/\/api.w.org\/{rel}","templated":true}]}}