{"id":2978,"date":"2023-02-20T12:00:43","date_gmt":"2023-02-20T11:00:43","guid":{"rendered":"https:\/\/parqueminerodealmaden.es\/?p=2978"},"modified":"2023-03-06T09:32:31","modified_gmt":"2023-03-06T08:32:31","slug":"minas-de-almaden-recibe-el-certificado-de-calidad-sicted-de-la-secretaria-general-de-turismo-como-empresa-de-turismo-nacional","status":"publish","type":"post","link":"https:\/\/parqueminerodealmaden.es\/en\/minas-de-almaden-recibe-el-certificado-de-calidad-sicted-de-la-secretaria-general-de-turismo-como-empresa-de-turismo-nacional\/","title":{"rendered":"Minas de Almad\u00e9n recibe el certificado de calidad SICTED de la Secretar\u00eda General de Turismo como Empresa de Turismo Nacional"},"content":{"rendered":"\n<p><br>Esta ma\u00f1ana se han entregado los certificados de acreditaci\u00f3n a las empresas vinculadas al destino de calidad SICTED Comarca de Almad\u00e9n.&nbsp;<strong>El Sistema Integral de Calidad Tur\u00edstica Espa\u00f1ola en Destinos es una referencia en el sector y est\u00e1 avalado por la Secretaria General de Turismo de Espa\u00f1a en su marco normalizado de calidad tur\u00edstica.&nbsp;<\/strong>El acto estuvo presidido por el Delegado Provincial de la Consejer\u00eda de Econom\u00eda, Empresas y Empleo Agust\u00edn Espinosa y la Presidenta del Grupo de Desarrollo MonteSur y alcaldesa de Almad\u00e9n Mar\u00eda del Carmen Montes Pizarro. Quienes incidieron en el valor colectivo y trascendente de cara a la competitividad que este reconocimiento tiene para toda la comarca y para las empresas certificadas. Minas de Almad\u00e9n, ha venido trabajando en este proceso a lo largo del \u00faltimo a\u00f1o y la consecuci\u00f3n de esta acreditaci\u00f3n supone un fuerte respaldo a la nueva din\u00e1mica de gesti\u00f3n que desde 2021 se viene desarrollando en el \u00c1rea de Turismo y Cultura de la empresa. A partir de aqu\u00ed, se trabajar\u00e1 para la renovaci\u00f3n anual de esta acreditaci\u00f3n y para el impulso de tur\u00edstico de toda la comarca desde la Mesa de Calidad del Destino. Dentro del horizonte 2023 Minas de Almad\u00e9n est\u00e1 ya en el proceso de acreditaci\u00f3n de la Q de Calidad Tur\u00edstica de Espa\u00f1a. Como marco de excelencia en nuestro compromiso con los visitantes de las Minas de Almad\u00e9n, Patrimonio de la Humanidad.&nbsp;<\/p>\n","protected":false},"excerpt":{"rendered":"<p>Esta ma\u00f1ana se han entregado los certificados de acreditaci\u00f3n a las empresas vinculadas al destino de calidad SICTED Comarca de Almad\u00e9n.&nbsp;El Sistema Integral de Calidad&#8230;<\/p>\n","protected":false},"author":1,"featured_media":2950,"comment_status":"closed","ping_status":"closed","sticky":false,"template":"","format":"standard","meta":{"_acf_changed":false,"inline_featured_image":false,"_kad_blocks_custom_css":"","_kad_blocks_head_custom_js":"","_kad_blocks_body_custom_js":"","_kad_blocks_footer_custom_js":"","_kad_post_transparent":"","_kad_post_title":"","_kad_post_layout":"","_kad_post_sidebar_id":"","_kad_post_content_style":"","_kad_post_vertical_padding":"","_kad_post_feature":"","_kad_post_feature_position":"","_kad_post_header":false,"_kad_post_footer":false,"_kad_post_classname":"","footnotes":""},"categories":[39],"tags":[],"class_list":["post-2978","post","type-post","status-publish","format-standard","has-post-thumbnail","hentry","category-blog-en"],"acf":[],"yoast_head":"<!-- This site is optimized with the Yoast SEO plugin v27.4 - https:\/\/yoast.com\/product\/yoast-seo-wordpress\/ -->\n<title>\u25b7 Minas de Almad\u00e9n recibe el certificado de calidad SICTED de la Secretar\u00eda General de Turismo como Empresa de Turismo Nacional - Parque Minero de Almad\u00e9n<\/title>\n<meta name=\"description\" content=\"Descubre el Parque Minero de Almad\u00e9n, Patrimonio de la Humanidad, y vive una experiencia \u00fanica explorando las antiguas minas de mercurio.\" \/>\n<meta name=\"robots\" content=\"index, follow, max-snippet:-1, max-image-preview:large, max-video-preview:-1\" \/>\n<link rel=\"canonical\" href=\"https:\/\/parqueminerodealmaden.es\/en\/minas-de-almaden-recibe-el-certificado-de-calidad-sicted-de-la-secretaria-general-de-turismo-como-empresa-de-turismo-nacional\/\" \/>\n<meta property=\"og:locale\" content=\"en_US\" \/>\n<meta property=\"og:type\" content=\"article\" \/>\n<meta property=\"og:title\" content=\"\u25b7 Minas de Almad\u00e9n recibe el certificado de calidad SICTED de la Secretar\u00eda General de Turismo como Empresa de Turismo Nacional - Parque Minero de Almad\u00e9n\" \/>\n<meta property=\"og:description\" content=\"Descubre el Parque Minero de Almad\u00e9n, Patrimonio de la Humanidad, y vive una experiencia \u00fanica explorando las antiguas minas de mercurio.\" \/>\n<meta property=\"og:url\" content=\"https:\/\/parqueminerodealmaden.es\/en\/minas-de-almaden-recibe-el-certificado-de-calidad-sicted-de-la-secretaria-general-de-turismo-como-empresa-de-turismo-nacional\/\" \/>\n<meta property=\"og:site_name\" content=\"Parque Minero de Almad\u00e9n\" \/>\n<meta property=\"article:published_time\" content=\"2023-02-20T11:00:43+00:00\" \/>\n<meta property=\"article:modified_time\" content=\"2023-03-06T08:32:31+00:00\" \/>\n<meta property=\"og:image\" content=\"https:\/\/parqueminerodealmaden.es\/wp-content\/uploads\/2023\/02\/1ab23753-5a03-471a-9f14-c927fc51861c.jpg\" \/>\n\t<meta property=\"og:image:width\" content=\"2000\" \/>\n\t<meta property=\"og:image:height\" content=\"1500\" \/>\n\t<meta property=\"og:image:type\" content=\"image\/jpeg\" \/>\n<meta name=\"author\" content=\"expacioweb\" \/>\n<meta name=\"twitter:card\" content=\"summary_large_image\" \/>\n<meta name=\"twitter:label1\" content=\"Written by\" \/>\n\t<meta name=\"twitter:data1\" content=\"expacioweb\" \/>\n\t<meta name=\"twitter:label2\" content=\"Est. reading time\" \/>\n\t<meta name=\"twitter:data2\" content=\"2 minutes\" \/>\n<script type=\"application\/ld+json\" class=\"yoast-schema-graph\">{\"@context\":\"https:\\\/\\\/schema.org\",\"@graph\":[{\"@type\":\"Article\",\"@id\":\"https:\\\/\\\/parqueminerodealmaden.es\\\/en\\\/minas-de-almaden-recibe-el-certificado-de-calidad-sicted-de-la-secretaria-general-de-turismo-como-empresa-de-turismo-nacional\\\/#article\",\"isPartOf\":{\"@id\":\"https:\\\/\\\/parqueminerodealmaden.es\\\/en\\\/minas-de-almaden-recibe-el-certificado-de-calidad-sicted-de-la-secretaria-general-de-turismo-como-empresa-de-turismo-nacional\\\/\"},\"author\":{\"name\":\"expacioweb\",\"@id\":\"https:\\\/\\\/parqueminerodealmaden.es\\\/en\\\/#\\\/schema\\\/person\\\/5a013ea1e7fcf3225c683db598e17253\"},\"headline\":\"Minas de Almad\u00e9n recibe el certificado de calidad SICTED de la Secretar\u00eda General de Turismo como Empresa de Turismo Nacional\",\"datePublished\":\"2023-02-20T11:00:43+00:00\",\"dateModified\":\"2023-03-06T08:32:31+00:00\",\"mainEntityOfPage\":{\"@id\":\"https:\\\/\\\/parqueminerodealmaden.es\\\/en\\\/minas-de-almaden-recibe-el-certificado-de-calidad-sicted-de-la-secretaria-general-de-turismo-como-empresa-de-turismo-nacional\\\/\"},\"wordCount\":282,\"publisher\":{\"@id\":\"https:\\\/\\\/parqueminerodealmaden.es\\\/en\\\/#organization\"},\"image\":{\"@id\":\"https:\\\/\\\/parqueminerodealmaden.es\\\/en\\\/minas-de-almaden-recibe-el-certificado-de-calidad-sicted-de-la-secretaria-general-de-turismo-como-empresa-de-turismo-nacional\\\/#primaryimage\"},\"thumbnailUrl\":\"https:\\\/\\\/parqueminerodealmaden.es\\\/wp-content\\\/uploads\\\/2023\\\/02\\\/1ab23753-5a03-471a-9f14-c927fc51861c.jpg\",\"articleSection\":[\"Blog\"],\"inLanguage\":\"en-US\"},{\"@type\":\"WebPage\",\"@id\":\"https:\\\/\\\/parqueminerodealmaden.es\\\/en\\\/minas-de-almaden-recibe-el-certificado-de-calidad-sicted-de-la-secretaria-general-de-turismo-como-empresa-de-turismo-nacional\\\/\",\"url\":\"https:\\\/\\\/parqueminerodealmaden.es\\\/en\\\/minas-de-almaden-recibe-el-certificado-de-calidad-sicted-de-la-secretaria-general-de-turismo-como-empresa-de-turismo-nacional\\\/\",\"name\":\"\u25b7 Minas de Almad\u00e9n recibe el certificado de calidad SICTED de la Secretar\u00eda General de Turismo como Empresa de Turismo Nacional - Parque Minero de Almad\u00e9n\",\"isPartOf\":{\"@id\":\"https:\\\/\\\/parqueminerodealmaden.es\\\/en\\\/#website\"},\"primaryImageOfPage\":{\"@id\":\"https:\\\/\\\/parqueminerodealmaden.es\\\/en\\\/minas-de-almaden-recibe-el-certificado-de-calidad-sicted-de-la-secretaria-general-de-turismo-como-empresa-de-turismo-nacional\\\/#primaryimage\"},\"image\":{\"@id\":\"https:\\\/\\\/parqueminerodealmaden.es\\\/en\\\/minas-de-almaden-recibe-el-certificado-de-calidad-sicted-de-la-secretaria-general-de-turismo-como-empresa-de-turismo-nacional\\\/#primaryimage\"},\"thumbnailUrl\":\"https:\\\/\\\/parqueminerodealmaden.es\\\/wp-content\\\/uploads\\\/2023\\\/02\\\/1ab23753-5a03-471a-9f14-c927fc51861c.jpg\",\"datePublished\":\"2023-02-20T11:00:43+00:00\",\"dateModified\":\"2023-03-06T08:32:31+00:00\",\"description\":\"Descubre el Parque Minero de Almad\u00e9n, Patrimonio de la Humanidad, y vive una experiencia \u00fanica explorando las antiguas minas de mercurio.\",\"breadcrumb\":{\"@id\":\"https:\\\/\\\/parqueminerodealmaden.es\\\/en\\\/minas-de-almaden-recibe-el-certificado-de-calidad-sicted-de-la-secretaria-general-de-turismo-como-empresa-de-turismo-nacional\\\/#breadcrumb\"},\"inLanguage\":\"en-US\",\"potentialAction\":[{\"@type\":\"ReadAction\",\"target\":[\"https:\\\/\\\/parqueminerodealmaden.es\\\/en\\\/minas-de-almaden-recibe-el-certificado-de-calidad-sicted-de-la-secretaria-general-de-turismo-como-empresa-de-turismo-nacional\\\/\"]}]},{\"@type\":\"ImageObject\",\"inLanguage\":\"en-US\",\"@id\":\"https:\\\/\\\/parqueminerodealmaden.es\\\/en\\\/minas-de-almaden-recibe-el-certificado-de-calidad-sicted-de-la-secretaria-general-de-turismo-como-empresa-de-turismo-nacional\\\/#primaryimage\",\"url\":\"https:\\\/\\\/parqueminerodealmaden.es\\\/wp-content\\\/uploads\\\/2023\\\/02\\\/1ab23753-5a03-471a-9f14-c927fc51861c.jpg\",\"contentUrl\":\"https:\\\/\\\/parqueminerodealmaden.es\\\/wp-content\\\/uploads\\\/2023\\\/02\\\/1ab23753-5a03-471a-9f14-c927fc51861c.jpg\",\"width\":1600,\"height\":1200},{\"@type\":\"BreadcrumbList\",\"@id\":\"https:\\\/\\\/parqueminerodealmaden.es\\\/en\\\/minas-de-almaden-recibe-el-certificado-de-calidad-sicted-de-la-secretaria-general-de-turismo-como-empresa-de-turismo-nacional\\\/#breadcrumb\",\"itemListElement\":[{\"@type\":\"ListItem\",\"position\":1,\"name\":\"Portada\",\"item\":\"https:\\\/\\\/parqueminerodealmaden.es\\\/en\\\/\"},{\"@type\":\"ListItem\",\"position\":2,\"name\":\"Minas de Almad\u00e9n recibe el certificado de calidad SICTED de la Secretar\u00eda General de Turismo como Empresa de Turismo Nacional\"}]},{\"@type\":\"WebSite\",\"@id\":\"https:\\\/\\\/parqueminerodealmaden.es\\\/en\\\/#website\",\"url\":\"https:\\\/\\\/parqueminerodealmaden.es\\\/en\\\/\",\"name\":\"Parque Minero de Almad\u00e9n\",\"description\":\"\",\"publisher\":{\"@id\":\"https:\\\/\\\/parqueminerodealmaden.es\\\/en\\\/#organization\"},\"potentialAction\":[{\"@type\":\"SearchAction\",\"target\":{\"@type\":\"EntryPoint\",\"urlTemplate\":\"https:\\\/\\\/parqueminerodealmaden.es\\\/en\\\/?s={search_term_string}\"},\"query-input\":{\"@type\":\"PropertyValueSpecification\",\"valueRequired\":true,\"valueName\":\"search_term_string\"}}],\"inLanguage\":\"en-US\"},{\"@type\":\"Organization\",\"@id\":\"https:\\\/\\\/parqueminerodealmaden.es\\\/en\\\/#organization\",\"name\":\"Parque Minero de Almad\u00e9n\",\"url\":\"https:\\\/\\\/parqueminerodealmaden.es\\\/en\\\/\",\"logo\":{\"@type\":\"ImageObject\",\"inLanguage\":\"en-US\",\"@id\":\"https:\\\/\\\/parqueminerodealmaden.es\\\/en\\\/#\\\/schema\\\/logo\\\/image\\\/\",\"url\":\"https:\\\/\\\/parqueminerodealmaden.es\\\/wp-content\\\/uploads\\\/2021\\\/12\\\/parque-minero-de-almaden.svg\",\"contentUrl\":\"https:\\\/\\\/parqueminerodealmaden.es\\\/wp-content\\\/uploads\\\/2021\\\/12\\\/parque-minero-de-almaden.svg\",\"width\":135,\"height\":116,\"caption\":\"Parque Minero de Almad\u00e9n\"},\"image\":{\"@id\":\"https:\\\/\\\/parqueminerodealmaden.es\\\/en\\\/#\\\/schema\\\/logo\\\/image\\\/\"}},{\"@type\":\"Person\",\"@id\":\"https:\\\/\\\/parqueminerodealmaden.es\\\/en\\\/#\\\/schema\\\/person\\\/5a013ea1e7fcf3225c683db598e17253\",\"name\":\"expacioweb\",\"image\":{\"@type\":\"ImageObject\",\"inLanguage\":\"en-US\",\"@id\":\"https:\\\/\\\/secure.gravatar.com\\\/avatar\\\/07b32851c062aa81cbe52c771bc99557421783ed894593d330426537edebbff5?s=96&d=mm&r=g\",\"url\":\"https:\\\/\\\/secure.gravatar.com\\\/avatar\\\/07b32851c062aa81cbe52c771bc99557421783ed894593d330426537edebbff5?s=96&d=mm&r=g\",\"contentUrl\":\"https:\\\/\\\/secure.gravatar.com\\\/avatar\\\/07b32851c062aa81cbe52c771bc99557421783ed894593d330426537edebbff5?s=96&d=mm&r=g\",\"caption\":\"expacioweb\"},\"sameAs\":[\"https:\\\/\\\/parqueminerodealmaden.es\"]}]}<\/script>\n<!-- \/ Yoast SEO plugin. -->","yoast_head_json":{"title":"\u25b7 Minas de Almad\u00e9n recibe el certificado de calidad SICTED de la Secretar\u00eda General de Turismo como Empresa de Turismo Nacional - Parque Minero de Almad\u00e9n","description":"Descubre el Parque Minero de Almad\u00e9n, Patrimonio de la Humanidad, y vive una experiencia \u00fanica explorando las antiguas minas de mercurio.","robots":{"index":"index","follow":"follow","max-snippet":"max-snippet:-1","max-image-preview":"max-image-preview:large","max-video-preview":"max-video-preview:-1"},"canonical":"https:\/\/parqueminerodealmaden.es\/en\/minas-de-almaden-recibe-el-certificado-de-calidad-sicted-de-la-secretaria-general-de-turismo-como-empresa-de-turismo-nacional\/","og_locale":"en_US","og_type":"article","og_title":"\u25b7 Minas de Almad\u00e9n recibe el certificado de calidad SICTED de la Secretar\u00eda General de Turismo como Empresa de Turismo Nacional - Parque Minero de Almad\u00e9n","og_description":"Descubre el Parque Minero de Almad\u00e9n, Patrimonio de la Humanidad, y vive una experiencia \u00fanica explorando las antiguas minas de mercurio.","og_url":"https:\/\/parqueminerodealmaden.es\/en\/minas-de-almaden-recibe-el-certificado-de-calidad-sicted-de-la-secretaria-general-de-turismo-como-empresa-de-turismo-nacional\/","og_site_name":"Parque Minero de Almad\u00e9n","article_published_time":"2023-02-20T11:00:43+00:00","article_modified_time":"2023-03-06T08:32:31+00:00","og_image":[{"width":2000,"height":1500,"url":"https:\/\/parqueminerodealmaden.es\/wp-content\/uploads\/2023\/02\/1ab23753-5a03-471a-9f14-c927fc51861c.jpg","type":"image\/jpeg"}],"author":"expacioweb","twitter_card":"summary_large_image","twitter_misc":{"Written by":"expacioweb","Est. reading time":"2 minutes"},"schema":{"@context":"https:\/\/schema.org","@graph":[{"@type":"Article","@id":"https:\/\/parqueminerodealmaden.es\/en\/minas-de-almaden-recibe-el-certificado-de-calidad-sicted-de-la-secretaria-general-de-turismo-como-empresa-de-turismo-nacional\/#article","isPartOf":{"@id":"https:\/\/parqueminerodealmaden.es\/en\/minas-de-almaden-recibe-el-certificado-de-calidad-sicted-de-la-secretaria-general-de-turismo-como-empresa-de-turismo-nacional\/"},"author":{"name":"expacioweb","@id":"https:\/\/parqueminerodealmaden.es\/en\/#\/schema\/person\/5a013ea1e7fcf3225c683db598e17253"},"headline":"Minas de Almad\u00e9n recibe el certificado de calidad SICTED de la Secretar\u00eda General de Turismo como Empresa de Turismo Nacional","datePublished":"2023-02-20T11:00:43+00:00","dateModified":"2023-03-06T08:32:31+00:00","mainEntityOfPage":{"@id":"https:\/\/parqueminerodealmaden.es\/en\/minas-de-almaden-recibe-el-certificado-de-calidad-sicted-de-la-secretaria-general-de-turismo-como-empresa-de-turismo-nacional\/"},"wordCount":282,"publisher":{"@id":"https:\/\/parqueminerodealmaden.es\/en\/#organization"},"image":{"@id":"https:\/\/parqueminerodealmaden.es\/en\/minas-de-almaden-recibe-el-certificado-de-calidad-sicted-de-la-secretaria-general-de-turismo-como-empresa-de-turismo-nacional\/#primaryimage"},"thumbnailUrl":"https:\/\/parqueminerodealmaden.es\/wp-content\/uploads\/2023\/02\/1ab23753-5a03-471a-9f14-c927fc51861c.jpg","articleSection":["Blog"],"inLanguage":"en-US"},{"@type":"WebPage","@id":"https:\/\/parqueminerodealmaden.es\/en\/minas-de-almaden-recibe-el-certificado-de-calidad-sicted-de-la-secretaria-general-de-turismo-como-empresa-de-turismo-nacional\/","url":"https:\/\/parqueminerodealmaden.es\/en\/minas-de-almaden-recibe-el-certificado-de-calidad-sicted-de-la-secretaria-general-de-turismo-como-empresa-de-turismo-nacional\/","name":"\u25b7 Minas de Almad\u00e9n recibe el certificado de calidad SICTED de la Secretar\u00eda General de Turismo como Empresa de Turismo Nacional - Parque Minero de Almad\u00e9n","isPartOf":{"@id":"https:\/\/parqueminerodealmaden.es\/en\/#website"},"primaryImageOfPage":{"@id":"https:\/\/parqueminerodealmaden.es\/en\/minas-de-almaden-recibe-el-certificado-de-calidad-sicted-de-la-secretaria-general-de-turismo-como-empresa-de-turismo-nacional\/#primaryimage"},"image":{"@id":"https:\/\/parqueminerodealmaden.es\/en\/minas-de-almaden-recibe-el-certificado-de-calidad-sicted-de-la-secretaria-general-de-turismo-como-empresa-de-turismo-nacional\/#primaryimage"},"thumbnailUrl":"https:\/\/parqueminerodealmaden.es\/wp-content\/uploads\/2023\/02\/1ab23753-5a03-471a-9f14-c927fc51861c.jpg","datePublished":"2023-02-20T11:00:43+00:00","dateModified":"2023-03-06T08:32:31+00:00","description":"Descubre el Parque Minero de Almad\u00e9n, Patrimonio de la Humanidad, y vive una experiencia \u00fanica explorando las antiguas minas de mercurio.","breadcrumb":{"@id":"https:\/\/parqueminerodealmaden.es\/en\/minas-de-almaden-recibe-el-certificado-de-calidad-sicted-de-la-secretaria-general-de-turismo-como-empresa-de-turismo-nacional\/#breadcrumb"},"inLanguage":"en-US","potentialAction":[{"@type":"ReadAction","target":["https:\/\/parqueminerodealmaden.es\/en\/minas-de-almaden-recibe-el-certificado-de-calidad-sicted-de-la-secretaria-general-de-turismo-como-empresa-de-turismo-nacional\/"]}]},{"@type":"ImageObject","inLanguage":"en-US","@id":"https:\/\/parqueminerodealmaden.es\/en\/minas-de-almaden-recibe-el-certificado-de-calidad-sicted-de-la-secretaria-general-de-turismo-como-empresa-de-turismo-nacional\/#primaryimage","url":"https:\/\/parqueminerodealmaden.es\/wp-content\/uploads\/2023\/02\/1ab23753-5a03-471a-9f14-c927fc51861c.jpg","contentUrl":"https:\/\/parqueminerodealmaden.es\/wp-content\/uploads\/2023\/02\/1ab23753-5a03-471a-9f14-c927fc51861c.jpg","width":1600,"height":1200},{"@type":"BreadcrumbList","@id":"https:\/\/parqueminerodealmaden.es\/en\/minas-de-almaden-recibe-el-certificado-de-calidad-sicted-de-la-secretaria-general-de-turismo-como-empresa-de-turismo-nacional\/#breadcrumb","itemListElement":[{"@type":"ListItem","position":1,"name":"Portada","item":"https:\/\/parqueminerodealmaden.es\/en\/"},{"@type":"ListItem","position":2,"name":"Minas de Almad\u00e9n recibe el certificado de calidad SICTED de la Secretar\u00eda General de Turismo como Empresa de Turismo Nacional"}]},{"@type":"WebSite","@id":"https:\/\/parqueminerodealmaden.es\/en\/#website","url":"https:\/\/parqueminerodealmaden.es\/en\/","name":"Parque Minero de Almad\u00e9n","description":"","publisher":{"@id":"https:\/\/parqueminerodealmaden.es\/en\/#organization"},"potentialAction":[{"@type":"SearchAction","target":{"@type":"EntryPoint","urlTemplate":"https:\/\/parqueminerodealmaden.es\/en\/?s={search_term_string}"},"query-input":{"@type":"PropertyValueSpecification","valueRequired":true,"valueName":"search_term_string"}}],"inLanguage":"en-US"},{"@type":"Organization","@id":"https:\/\/parqueminerodealmaden.es\/en\/#organization","name":"Parque Minero de Almad\u00e9n","url":"https:\/\/parqueminerodealmaden.es\/en\/","logo":{"@type":"ImageObject","inLanguage":"en-US","@id":"https:\/\/parqueminerodealmaden.es\/en\/#\/schema\/logo\/image\/","url":"https:\/\/parqueminerodealmaden.es\/wp-content\/uploads\/2021\/12\/parque-minero-de-almaden.svg","contentUrl":"https:\/\/parqueminerodealmaden.es\/wp-content\/uploads\/2021\/12\/parque-minero-de-almaden.svg","width":135,"height":116,"caption":"Parque Minero de Almad\u00e9n"},"image":{"@id":"https:\/\/parqueminerodealmaden.es\/en\/#\/schema\/logo\/image\/"}},{"@type":"Person","@id":"https:\/\/parqueminerodealmaden.es\/en\/#\/schema\/person\/5a013ea1e7fcf3225c683db598e17253","name":"expacioweb","image":{"@type":"ImageObject","inLanguage":"en-US","@id":"https:\/\/secure.gravatar.com\/avatar\/07b32851c062aa81cbe52c771bc99557421783ed894593d330426537edebbff5?s=96&d=mm&r=g","url":"https:\/\/secure.gravatar.com\/avatar\/07b32851c062aa81cbe52c771bc99557421783ed894593d330426537edebbff5?s=96&d=mm&r=g","contentUrl":"https:\/\/secure.gravatar.com\/avatar\/07b32851c062aa81cbe52c771bc99557421783ed894593d330426537edebbff5?s=96&d=mm&r=g","caption":"expacioweb"},"sameAs":["https:\/\/parqueminerodealmaden.es"]}]}},"taxonomy_info":{"category":[{"value":39,"label":"Blog"}]},"featured_image_src_large":["https:\/\/parqueminerodealmaden.es\/wp-content\/uploads\/2023\/02\/1ab23753-5a03-471a-9f14-c927fc51861c-1024x768.jpg",1024,768,true],"author_info":{"display_name":"expacioweb","author_link":"https:\/\/parqueminerodealmaden.es\/en\/author\/expacioweb\/"},"comment_info":0,"category_info":[{"term_id":39,"name":"Blog","slug":"blog-en","term_group":0,"term_taxonomy_id":39,"taxonomy":"category","description":"","parent":0,"count":23,"filter":"raw","cat_ID":39,"category_count":23,"category_description":"","cat_name":"Blog","category_nicename":"blog-en","category_parent":0}],"tag_info":false,"_links":{"self":[{"href":"https:\/\/parqueminerodealmaden.es\/en\/wp-json\/wp\/v2\/posts\/2978","targetHints":{"allow":["GET"]}}],"collection":[{"href":"https:\/\/parqueminerodealmaden.es\/en\/wp-json\/wp\/v2\/posts"}],"about":[{"href":"https:\/\/parqueminerodealmaden.es\/en\/wp-json\/wp\/v2\/types\/post"}],"author":[{"embeddable":true,"href":"https:\/\/parqueminerodealmaden.es\/en\/wp-json\/wp\/v2\/users\/1"}],"replies":[{"embeddable":true,"href":"https:\/\/parqueminerodealmaden.es\/en\/wp-json\/wp\/v2\/comments?post=2978"}],"version-history":[{"count":1,"href":"https:\/\/parqueminerodealmaden.es\/en\/wp-json\/wp\/v2\/posts\/2978\/revisions"}],"predecessor-version":[{"id":2979,"href":"https:\/\/parqueminerodealmaden.es\/en\/wp-json\/wp\/v2\/posts\/2978\/revisions\/2979"}],"wp:featuredmedia":[{"embeddable":true,"href":"https:\/\/parqueminerodealmaden.es\/en\/wp-json\/wp\/v2\/media\/2950"}],"wp:attachment":[{"href":"https:\/\/parqueminerodealmaden.es\/en\/wp-json\/wp\/v2\/media?parent=2978"}],"wp:term":[{"taxonomy":"category","embeddable":true,"href":"https:\/\/parqueminerodealmaden.es\/en\/wp-json\/wp\/v2\/categories?post=2978"},{"taxonomy":"post_tag","embeddable":true,"href":"https:\/\/parqueminerodealmaden.es\/en\/wp-json\/wp\/v2\/tags?post=2978"}],"curies":[{"name":"wp","href":"https:\/\/api.w.org\/{rel}","templated":true}]}}